{"id":1093,"date":"2017-01-16T16:08:55","date_gmt":"2017-01-16T16:08:55","guid":{"rendered":"http:\/\/www.atletismozoiti.com\/?p=1093"},"modified":"2017-01-21T07:04:27","modified_gmt":"2017-01-21T07:04:27","slug":"xxxx-memorial-jesus-luis-alos","status":"publish","type":"post","link":"https:\/\/www.atletismozoiti.com\/?p=1093","title":{"rendered":"Memorial Jes\u00fas Luis Al\u00f3s"},"content":{"rendered":"<p><a href=\"https:\/\/www.atletismozoiti.com\/wp-content\/uploads\/2017\/01\/Captura-de-pantalla-2017-01-16-16.55.58.png\"><img loading=\"lazy\" decoding=\"async\" class=\"aligncenter size-full wp-image-1095\" src=\"https:\/\/www.atletismozoiti.com\/wp-content\/uploads\/2017\/01\/Captura-de-pantalla-2017-01-16-16.55.58.png\" alt=\"\" width=\"804\" height=\"224\" srcset=\"https:\/\/www.atletismozoiti.com\/wp-content\/uploads\/2017\/01\/Captura-de-pantalla-2017-01-16-16.55.58.png 804w, https:\/\/www.atletismozoiti.com\/wp-content\/uploads\/2017\/01\/Captura-de-pantalla-2017-01-16-16.55.58-300x84.png 300w, https:\/\/www.atletismozoiti.com\/wp-content\/uploads\/2017\/01\/Captura-de-pantalla-2017-01-16-16.55.58-768x214.png 768w, https:\/\/www.atletismozoiti.com\/wp-content\/uploads\/2017\/01\/Captura-de-pantalla-2017-01-16-16.55.58-624x174.png 624w\" sizes=\"auto, (max-width: 804px) 100vw, 804px\" \/><\/a>\u00a0\u00a0 El Domingo 22 de Enero va a tener lugar en el parque Miguel Servet de Huesca la XXXX edici\u00f3n del Memorial Jes\u00fas Luis Al\u00f3s, conjuntamente con el Cto. de Arag\u00f3n indiviudal de cross.<\/p>\n<p>Finalizado el plazo de inscripci\u00f3n<\/p>\n<p>Nos vemos el domingo.<\/p>\n<p><a href=\"https:\/\/www.atletismozoiti.com\/wp-content\/uploads\/2017\/01\/Captura-de-pantalla-2017-01-16-16.56.28-e1484582610518.png\">Reglamento<\/a> y <a href=\"https:\/\/www.atletismozoiti.com\/wp-content\/uploads\/2017\/01\/Captura-de-pantalla-2017-01-16-16.56.46-e1484582631520.png\">circuito<\/a>.<\/p>\n","protected":false},"excerpt":{"rendered":"<p>\u00a0\u00a0 El Domingo 22 de Enero va a tener lugar en el parque Miguel Servet de Huesca la XXXX edici\u00f3n del Memorial Jes\u00fas Luis Al\u00f3s, conjuntamente con el Cto. de Arag\u00f3n indiviudal de cross. Finalizado el plazo de inscripci\u00f3n Nos &hellip; <a href=\"https:\/\/www.atletismozoiti.com\/?p=1093\">Sigue leyendo <span class=\"meta-nav\">&rarr;<\/span><\/a><\/p>\n","protected":false},"author":1,"featured_media":0,"comment_status":"closed","ping_status":"closed","sticky":false,"template":"","format":"standard","meta":{"footnotes":""},"categories":[3,4,7],"tags":[],"class_list":["post-1093","post","type-post","status-publish","format-standard","hentry","category-competiciones","category-general-club","category-principal"],"_links":{"self":[{"href":"https:\/\/www.atletismozoiti.com\/index.php?rest_route=\/wp\/v2\/posts\/1093","targetHints":{"allow":["GET"]}}],"collection":[{"href":"https:\/\/www.atletismozoiti.com\/index.php?rest_route=\/wp\/v2\/posts"}],"about":[{"href":"https:\/\/www.atletismozoiti.com\/index.php?rest_route=\/wp\/v2\/types\/post"}],"author":[{"embeddable":true,"href":"https:\/\/www.atletismozoiti.com\/index.php?rest_route=\/wp\/v2\/users\/1"}],"replies":[{"embeddable":true,"href":"https:\/\/www.atletismozoiti.com\/index.php?rest_route=%2Fwp%2Fv2%2Fcomments&post=1093"}],"version-history":[{"count":10,"href":"https:\/\/www.atletismozoiti.com\/index.php?rest_route=\/wp\/v2\/posts\/1093\/revisions"}],"predecessor-version":[{"id":1112,"href":"https:\/\/www.atletismozoiti.com\/index.php?rest_route=\/wp\/v2\/posts\/1093\/revisions\/1112"}],"wp:attachment":[{"href":"https:\/\/www.atletismozoiti.com\/index.php?rest_route=%2Fwp%2Fv2%2Fmedia&parent=1093"}],"wp:term":[{"taxonomy":"category","embeddable":true,"href":"https:\/\/www.atletismozoiti.com\/index.php?rest_route=%2Fwp%2Fv2%2Fcategories&post=1093"},{"taxonomy":"post_tag","embeddable":true,"href":"https:\/\/www.atletismozoiti.com\/index.php?rest_route=%2Fwp%2Fv2%2Ftags&post=1093"}],"curies":[{"name":"wp","href":"https:\/\/api.w.org\/{rel}","templated":true}]}}