{"id":1180,"date":"2018-04-14T07:08:36","date_gmt":"2018-04-14T07:08:36","guid":{"rendered":"http:\/\/www.atletismozoiti.com\/?p=1180"},"modified":"2018-04-15T15:10:45","modified_gmt":"2018-04-15T15:10:45","slug":"carrera-caminata-san-jorge","status":"publish","type":"post","link":"https:\/\/www.atletismozoiti.com\/?p=1180","title":{"rendered":"Carrera Caminata San Jorge"},"content":{"rendered":"<p><a href=\"https:\/\/www.atletismozoiti.com\/wp-content\/uploads\/2018\/04\/Captura-de-pantalla-2018-04-15-17.02.00.png\"><img loading=\"lazy\" decoding=\"async\" class=\"alignleft size-full wp-image-1337\" src=\"https:\/\/www.atletismozoiti.com\/wp-content\/uploads\/2018\/04\/Captura-de-pantalla-2018-04-15-17.02.00.png\" alt=\"\" width=\"1592\" height=\"530\" srcset=\"https:\/\/www.atletismozoiti.com\/wp-content\/uploads\/2018\/04\/Captura-de-pantalla-2018-04-15-17.02.00.png 1592w, https:\/\/www.atletismozoiti.com\/wp-content\/uploads\/2018\/04\/Captura-de-pantalla-2018-04-15-17.02.00-300x100.png 300w, https:\/\/www.atletismozoiti.com\/wp-content\/uploads\/2018\/04\/Captura-de-pantalla-2018-04-15-17.02.00-768x256.png 768w, https:\/\/www.atletismozoiti.com\/wp-content\/uploads\/2018\/04\/Captura-de-pantalla-2018-04-15-17.02.00-1024x341.png 1024w, https:\/\/www.atletismozoiti.com\/wp-content\/uploads\/2018\/04\/Captura-de-pantalla-2018-04-15-17.02.00-624x208.png 624w\" sizes=\"auto, (max-width: 1592px) 100vw, 1592px\" \/><\/a><\/p>\n<p>El pr\u00f3ximo d\u00eda 23 se celebraran las tradicionales carrera y caminata de San Jorge. Comenzar\u00e1 a las 10.30h en los porches de Galicia, llegando al cerro de San Jorge.<\/p>\n<p>La inscripci\u00f3n la puedes realizar <a href=\"https:\/\/docs.google.com\/forms\/d\/e\/1FAIpQLScWuxUr7BtjO1PvjYfzp2Lu9dVErakiOaYyLUvK0_j5WG_l0A\/viewform\" target=\"_blank\" rel=\"noopener\">AQUI<\/a>.<\/p>\n<p>El recorrido y programa puedes consultarlo <a href=\"https:\/\/www.atletismozoiti.com\/wp-content\/uploads\/2018\/04\/2018-Carrera-San-Jorge-Programa.pdf\">AQU\u00ed<\/a>.<\/p>\n<p>Nos vemos el lunes 23.<\/p>\n","protected":false},"excerpt":{"rendered":"<p>El pr\u00f3ximo d\u00eda 23 se celebraran las tradicionales carrera y caminata de San Jorge. Comenzar\u00e1 a las 10.30h en los porches de Galicia, llegando al cerro de San Jorge. La inscripci\u00f3n la puedes realizar AQUI. El recorrido y programa puedes &hellip; <a href=\"https:\/\/www.atletismozoiti.com\/?p=1180\">Sigue leyendo <span class=\"meta-nav\">&rarr;<\/span><\/a><\/p>\n","protected":false},"author":1,"featured_media":0,"comment_status":"closed","ping_status":"closed","sticky":false,"template":"","format":"standard","meta":{"footnotes":""},"categories":[3,4],"tags":[],"class_list":["post-1180","post","type-post","status-publish","format-standard","hentry","category-competiciones","category-general-club"],"_links":{"self":[{"href":"https:\/\/www.atletismozoiti.com\/index.php?rest_route=\/wp\/v2\/posts\/1180","targetHints":{"allow":["GET"]}}],"collection":[{"href":"https:\/\/www.atletismozoiti.com\/index.php?rest_route=\/wp\/v2\/posts"}],"about":[{"href":"https:\/\/www.atletismozoiti.com\/index.php?rest_route=\/wp\/v2\/types\/post"}],"author":[{"embeddable":true,"href":"https:\/\/www.atletismozoiti.com\/index.php?rest_route=\/wp\/v2\/users\/1"}],"replies":[{"embeddable":true,"href":"https:\/\/www.atletismozoiti.com\/index.php?rest_route=%2Fwp%2Fv2%2Fcomments&post=1180"}],"version-history":[{"count":5,"href":"https:\/\/www.atletismozoiti.com\/index.php?rest_route=\/wp\/v2\/posts\/1180\/revisions"}],"predecessor-version":[{"id":1338,"href":"https:\/\/www.atletismozoiti.com\/index.php?rest_route=\/wp\/v2\/posts\/1180\/revisions\/1338"}],"wp:attachment":[{"href":"https:\/\/www.atletismozoiti.com\/index.php?rest_route=%2Fwp%2Fv2%2Fmedia&parent=1180"}],"wp:term":[{"taxonomy":"category","embeddable":true,"href":"https:\/\/www.atletismozoiti.com\/index.php?rest_route=%2Fwp%2Fv2%2Fcategories&post=1180"},{"taxonomy":"post_tag","embeddable":true,"href":"https:\/\/www.atletismozoiti.com\/index.php?rest_route=%2Fwp%2Fv2%2Ftags&post=1180"}],"curies":[{"name":"wp","href":"https:\/\/api.w.org\/{rel}","templated":true}]}}