{"id":1460,"date":"2019-03-11T09:50:44","date_gmt":"2019-03-11T09:50:44","guid":{"rendered":"http:\/\/www.atletismozoiti.com\/?p=1460"},"modified":"2019-03-11T09:55:45","modified_gmt":"2019-03-11T09:55:45","slug":"teresa-santolaria-campeona-de-espana-en-salto-de-altura","status":"publish","type":"post","link":"https:\/\/www.atletismozoiti.com\/?p=1460","title":{"rendered":"TERESA SANTOLARIA, CAMPEONA DE ESPA\u00d1A EN SALTO DE ALTURA"},"content":{"rendered":"<p>Teresa Santolaria se ha proclamado Campeona de Espa\u00f1a de Salto de Altura, en el Nacional Sub 18 de Pista Cubierta celebrado este fin de semana en el Vel\u00f3dromo Lluis Puig de Valencia. Teresa consigui\u00f3 superar el list\u00f3n sobre 1&#8217;71 metros, en un concurso excepcional sin un s\u00f3lo nulo, lo que supone para ella marca personal y nuevo record del Club. Merecido premio a una atleta que se inici\u00f3 desde muy peque\u00f1a en el programa de Atletismo Divertido en el colegio Pedro J Rubio y continu\u00f3 su progresi\u00f3n en la Escuela de Atletismo Zoiti. ENHORABUENA TERESA!!!!<\/p>\n<p><a href=\"https:\/\/www.atletismozoiti.com\/wp-content\/uploads\/2019\/03\/IMG_4142.jpg\"><img loading=\"lazy\" decoding=\"async\" class=\"alignnone size-large wp-image-1461\" src=\"https:\/\/www.atletismozoiti.com\/wp-content\/uploads\/2019\/03\/IMG_4142-1024x732.jpg\" alt=\"\" width=\"625\" height=\"447\" srcset=\"https:\/\/www.atletismozoiti.com\/wp-content\/uploads\/2019\/03\/IMG_4142-1024x732.jpg 1024w, https:\/\/www.atletismozoiti.com\/wp-content\/uploads\/2019\/03\/IMG_4142-300x214.jpg 300w, https:\/\/www.atletismozoiti.com\/wp-content\/uploads\/2019\/03\/IMG_4142-768x549.jpg 768w, https:\/\/www.atletismozoiti.com\/wp-content\/uploads\/2019\/03\/IMG_4142-624x446.jpg 624w, https:\/\/www.atletismozoiti.com\/wp-content\/uploads\/2019\/03\/IMG_4142.jpg 1697w\" sizes=\"auto, (max-width: 625px) 100vw, 625px\" \/><\/a><\/p>\n","protected":false},"excerpt":{"rendered":"<p>Teresa Santolaria se ha proclamado Campeona de Espa\u00f1a de Salto de Altura, en el Nacional Sub 18 de Pista Cubierta celebrado este fin de semana en el Vel\u00f3dromo Lluis Puig de Valencia. Teresa consigui\u00f3 superar el list\u00f3n sobre 1&#8217;71 metros, &hellip; <a href=\"https:\/\/www.atletismozoiti.com\/?p=1460\">Sigue leyendo <span class=\"meta-nav\">&rarr;<\/span><\/a><\/p>\n","protected":false},"author":2,"featured_media":0,"comment_status":"open","ping_status":"open","sticky":false,"template":"","format":"standard","meta":{"footnotes":""},"categories":[4],"tags":[],"class_list":["post-1460","post","type-post","status-publish","format-standard","hentry","category-general-club"],"_links":{"self":[{"href":"https:\/\/www.atletismozoiti.com\/index.php?rest_route=\/wp\/v2\/posts\/1460","targetHints":{"allow":["GET"]}}],"collection":[{"href":"https:\/\/www.atletismozoiti.com\/index.php?rest_route=\/wp\/v2\/posts"}],"about":[{"href":"https:\/\/www.atletismozoiti.com\/index.php?rest_route=\/wp\/v2\/types\/post"}],"author":[{"embeddable":true,"href":"https:\/\/www.atletismozoiti.com\/index.php?rest_route=\/wp\/v2\/users\/2"}],"replies":[{"embeddable":true,"href":"https:\/\/www.atletismozoiti.com\/index.php?rest_route=%2Fwp%2Fv2%2Fcomments&post=1460"}],"version-history":[{"count":5,"href":"https:\/\/www.atletismozoiti.com\/index.php?rest_route=\/wp\/v2\/posts\/1460\/revisions"}],"predecessor-version":[{"id":1466,"href":"https:\/\/www.atletismozoiti.com\/index.php?rest_route=\/wp\/v2\/posts\/1460\/revisions\/1466"}],"wp:attachment":[{"href":"https:\/\/www.atletismozoiti.com\/index.php?rest_route=%2Fwp%2Fv2%2Fmedia&parent=1460"}],"wp:term":[{"taxonomy":"category","embeddable":true,"href":"https:\/\/www.atletismozoiti.com\/index.php?rest_route=%2Fwp%2Fv2%2Fcategories&post=1460"},{"taxonomy":"post_tag","embeddable":true,"href":"https:\/\/www.atletismozoiti.com\/index.php?rest_route=%2Fwp%2Fv2%2Ftags&post=1460"}],"curies":[{"name":"wp","href":"https:\/\/api.w.org\/{rel}","templated":true}]}}