{"id":1480,"date":"2019-03-19T09:11:02","date_gmt":"2019-03-19T09:11:02","guid":{"rendered":"http:\/\/www.atletismozoiti.com\/?p=1480"},"modified":"2019-03-19T09:11:02","modified_gmt":"2019-03-19T09:11:02","slug":"raul-martin-doble-campeon-de-espana-y-manuela-villabona-plata-en-el-300","status":"publish","type":"post","link":"https:\/\/www.atletismozoiti.com\/?p=1480","title":{"rendered":"RA\u00daL MART\u00cdN, DOBLE CAMPE\u00d3N DE ESPA\u00d1A Y MANUELA VILLABONA PLATA EN EL 300"},"content":{"rendered":"<p>Este pasado fin de semana, se celebr\u00f3 en Sabadell el Campeonato de Espa\u00f1a Sub 16 de Pista Cubierta, con unos excelentes resultados para los nuestros.<\/p>\n<p>Ra\u00fal Mart\u00edn se colg\u00f3 dos oros. En longitud con un mejor salto de 6,55 y en altura no tuvo rival con marca personal sobre 1&#8217;98. Manuela Villabona, se meti\u00f3 en la final del 300 lisos donde consigui\u00f3 un magn\u00edfico subcampeonato y marca personal 40\u00bb46.<\/p>\n<p>Enhorabuena a los dos!!!!<\/p>\n<p><a href=\"https:\/\/www.atletismozoiti.com\/wp-content\/uploads\/2019\/03\/zz-manuela.jpg\"><img loading=\"lazy\" decoding=\"async\" class=\"alignnone size-large wp-image-1481\" src=\"https:\/\/www.atletismozoiti.com\/wp-content\/uploads\/2019\/03\/zz-manuela-1024x512.jpg\" alt=\"\" width=\"625\" height=\"313\" srcset=\"https:\/\/www.atletismozoiti.com\/wp-content\/uploads\/2019\/03\/zz-manuela-1024x512.jpg 1024w, https:\/\/www.atletismozoiti.com\/wp-content\/uploads\/2019\/03\/zz-manuela-300x150.jpg 300w, https:\/\/www.atletismozoiti.com\/wp-content\/uploads\/2019\/03\/zz-manuela-768x384.jpg 768w, https:\/\/www.atletismozoiti.com\/wp-content\/uploads\/2019\/03\/zz-manuela-624x312.jpg 624w, https:\/\/www.atletismozoiti.com\/wp-content\/uploads\/2019\/03\/zz-manuela.jpg 1657w\" sizes=\"auto, (max-width: 625px) 100vw, 625px\" \/><\/a><\/p>\n","protected":false},"excerpt":{"rendered":"<p>Este pasado fin de semana, se celebr\u00f3 en Sabadell el Campeonato de Espa\u00f1a Sub 16 de Pista Cubierta, con unos excelentes resultados para los nuestros. Ra\u00fal Mart\u00edn se colg\u00f3 dos oros. En longitud con un mejor salto de 6,55 y &hellip; <a href=\"https:\/\/www.atletismozoiti.com\/?p=1480\">Sigue leyendo <span class=\"meta-nav\">&rarr;<\/span><\/a><\/p>\n","protected":false},"author":2,"featured_media":0,"comment_status":"open","ping_status":"open","sticky":false,"template":"","format":"standard","meta":{"footnotes":""},"categories":[4],"tags":[],"class_list":["post-1480","post","type-post","status-publish","format-standard","hentry","category-general-club"],"_links":{"self":[{"href":"https:\/\/www.atletismozoiti.com\/index.php?rest_route=\/wp\/v2\/posts\/1480","targetHints":{"allow":["GET"]}}],"collection":[{"href":"https:\/\/www.atletismozoiti.com\/index.php?rest_route=\/wp\/v2\/posts"}],"about":[{"href":"https:\/\/www.atletismozoiti.com\/index.php?rest_route=\/wp\/v2\/types\/post"}],"author":[{"embeddable":true,"href":"https:\/\/www.atletismozoiti.com\/index.php?rest_route=\/wp\/v2\/users\/2"}],"replies":[{"embeddable":true,"href":"https:\/\/www.atletismozoiti.com\/index.php?rest_route=%2Fwp%2Fv2%2Fcomments&post=1480"}],"version-history":[{"count":1,"href":"https:\/\/www.atletismozoiti.com\/index.php?rest_route=\/wp\/v2\/posts\/1480\/revisions"}],"predecessor-version":[{"id":1482,"href":"https:\/\/www.atletismozoiti.com\/index.php?rest_route=\/wp\/v2\/posts\/1480\/revisions\/1482"}],"wp:attachment":[{"href":"https:\/\/www.atletismozoiti.com\/index.php?rest_route=%2Fwp%2Fv2%2Fmedia&parent=1480"}],"wp:term":[{"taxonomy":"category","embeddable":true,"href":"https:\/\/www.atletismozoiti.com\/index.php?rest_route=%2Fwp%2Fv2%2Fcategories&post=1480"},{"taxonomy":"post_tag","embeddable":true,"href":"https:\/\/www.atletismozoiti.com\/index.php?rest_route=%2Fwp%2Fv2%2Ftags&post=1480"}],"curies":[{"name":"wp","href":"https:\/\/api.w.org\/{rel}","templated":true}]}}